{"id":780,"date":"2022-10-28T07:50:00","date_gmt":"2022-10-28T07:50:00","guid":{"rendered":"https:\/\/carmelo2-cp5011.wordpresstemporal.com\/?p=780"},"modified":"2023-07-03T09:56:31","modified_gmt":"2023-07-03T09:56:31","slug":"carmelo-rodero-asiste-a-la-gran-cata-en-republica-dominicana","status":"publish","type":"post","link":"https:\/\/carmelo2-cp5011.wordpresstemporal.com\/en\/carmelo-rodero-asiste-a-la-gran-cata-en-republica-dominicana\/","title":{"rendered":"CARMELO RODERO ASISTE A LA GRAN CATA EN REP\u00daBLICA DOMINICANA"},"content":{"rendered":"<p class=\"wp-block-paragraph\"><em>Bodegas de todo el mundo se encontraron en Santo Domingo despu\u00e9s de tres a\u00f1os de ausencia<\/em><\/p>\n\n\n\n<p class=\"wp-block-paragraph\">Despu\u00e9s de tres a\u00f1os de ausencia a causa de la pandemia, Carmelo Rodero particip\u00f3 de nuevo en La Gran Cata de El Catador, celebrada en Santo Domingo, la noche del 26 de octubre. Se trata del evento m\u00e1s importante que celebra el sector del vino en Rep\u00fablica Dominicana y cont\u00f3 con una gran afluencia de p\u00fablico y bodegueros.<\/p>\n\n\n\n<p class=\"wp-block-paragraph\">El fundador de la bodega, Carmelo Rodero, viaj\u00f3 hasta el pa\u00eds caribe\u00f1o para compartir este encuentro con marcas de todo el mundo, en una noche que est\u00e1 considerada como la m\u00e1s especial del a\u00f1o para quienes son expertos en disfrutar del vino. Es una extraordinaria oportunidad para llenar las copas de los asistentes y compartir impresiones, contrastar opiniones, recoger sugerencias y responder a cuantas preguntas se formulan mientras se saborean los vinos.<\/p>\n\n\n\n<p class=\"wp-block-paragraph\">La Gran Cata supone una oportunidad de expandir la marca directamente entre los consumidores y as\u00ed se vivi\u00f3 una vez m\u00e1s en esta ocasi\u00f3n. Cientos de catadores pudieron degustar vinos de Carmelo Rodero servidos por el propio bodeguero, lo que aporta confianza y seguridad a la hora de transmitir y recibir el valor de la bodega.<\/p>\n\n\n\n<p class=\"wp-block-paragraph\">El Catador, organizador de esta fiesta enol\u00f3gica, es una compa\u00f1\u00eda dominicana con m\u00e1s de 40 a\u00f1os de una trayectoria dedicada a la importaci\u00f3n y distribuci\u00f3n de grandes marcas de vinos de todo el mundo, lo que le permite liderar e impulsar este mercado desde su pa\u00eds.<\/p>","protected":false},"excerpt":{"rendered":"<p>Bodegas de todo el mundo se encontraron en Santo Domingo despu\u00e9s de tres a\u00f1os de ausencia Despu\u00e9s de tres a\u00f1os de ausencia a causa de la pandemia, Carmelo Rodero particip\u00f3 de nuevo en La Gran Cata de El Catador, celebrada en Santo Domingo, la noche del 26 de octubre. Se trata del evento m\u00e1s importante [&hellip;]<\/p>\n","protected":false},"author":3,"featured_media":781,"comment_status":"open","ping_status":"closed","sticky":false,"template":"","format":"standard","meta":{"_jetpack_newsletter_access":"","_jetpack_dont_email_post_to_subs":false,"_jetpack_newsletter_tier_id":0,"_jetpack_memberships_contains_paywalled_content":false,"_jetpack_memberships_contains_paid_content":false,"footnotes":""},"categories":[1],"tags":[],"class_list":["post-780","post","type-post","status-publish","format-standard","has-post-thumbnail","hentry","category-noticias"],"jetpack_featured_media_url":"https:\/\/carmelo2-cp5011.wordpresstemporal.com\/wp-content\/uploads\/2023\/06\/CarmeloRoderoRepublicaDominicana.jpeg","jetpack_sharing_enabled":true,"_links":{"self":[{"href":"https:\/\/carmelo2-cp5011.wordpresstemporal.com\/en\/wp-json\/wp\/v2\/posts\/780","targetHints":{"allow":["GET"]}}],"collection":[{"href":"https:\/\/carmelo2-cp5011.wordpresstemporal.com\/en\/wp-json\/wp\/v2\/posts"}],"about":[{"href":"https:\/\/carmelo2-cp5011.wordpresstemporal.com\/en\/wp-json\/wp\/v2\/types\/post"}],"author":[{"embeddable":true,"href":"https:\/\/carmelo2-cp5011.wordpresstemporal.com\/en\/wp-json\/wp\/v2\/users\/3"}],"replies":[{"embeddable":true,"href":"https:\/\/carmelo2-cp5011.wordpresstemporal.com\/en\/wp-json\/wp\/v2\/comments?post=780"}],"version-history":[{"count":1,"href":"https:\/\/carmelo2-cp5011.wordpresstemporal.com\/en\/wp-json\/wp\/v2\/posts\/780\/revisions"}],"predecessor-version":[{"id":782,"href":"https:\/\/carmelo2-cp5011.wordpresstemporal.com\/en\/wp-json\/wp\/v2\/posts\/780\/revisions\/782"}],"wp:featuredmedia":[{"embeddable":true,"href":"https:\/\/carmelo2-cp5011.wordpresstemporal.com\/en\/wp-json\/wp\/v2\/media\/781"}],"wp:attachment":[{"href":"https:\/\/carmelo2-cp5011.wordpresstemporal.com\/en\/wp-json\/wp\/v2\/media?parent=780"}],"wp:term":[{"taxonomy":"category","embeddable":true,"href":"https:\/\/carmelo2-cp5011.wordpresstemporal.com\/en\/wp-json\/wp\/v2\/categories?post=780"},{"taxonomy":"post_tag","embeddable":true,"href":"https:\/\/carmelo2-cp5011.wordpresstemporal.com\/en\/wp-json\/wp\/v2\/tags?post=780"}],"curies":[{"name":"wp","href":"https:\/\/api.w.org\/{rel}","templated":true}]}}